{"id":6795,"date":"2025-09-11T15:39:18","date_gmt":"2025-09-11T13:39:18","guid":{"rendered":"https:\/\/vjf.at\/franx\/?p=6795"},"modified":"2025-09-11T15:45:36","modified_gmt":"2025-09-11T13:45:36","slug":"es-ist-soweit","status":"publish","type":"post","link":"https:\/\/vjf.at\/franx\/2025\/09\/es-ist-soweit\/","title":{"rendered":"Es ist soweit!"},"content":{"rendered":"\n<p>Am 26. September wird das FRANX am neuen Standort offiziell er\u00f6ffnet! Drinks, Musik, Snacks&#8230;<\/p>\n\n\n\n<p>Es gibt Opening Specials f\u00fcr euch! Schaut vorbei und lernt den neuen Jugendclub FRANX (f\u00fcr alle von 12-18 Jahren) und den neuen TEENIEclub (f\u00fcr alle von 8-12 Jahren) kennen.<\/p>\n\n\n\n<p>Wir freuen uns auf euch! <\/p>\n\n\n\n<p>Frau Vizeb\u00fcrgermeisterin Karin H\u00f6rzing kommt auch und wird zur Begr\u00fc\u00dfung ein paar Worte an euch richten, das freut uns ganz besonders.<\/p>\n","protected":false},"excerpt":{"rendered":"<p>Am 26. September wird das FRANX am neuen Standort offiziell er\u00f6ffnet! Drinks, Musik, Snacks&#8230; Es gibt Opening Specials f\u00fcr euch! Schaut vorbei und lernt den neuen Jugendclub FRANX (f\u00fcr alle von 12-18 Jahren) und den neuen TEENIEclub (f\u00fcr alle von 8-12 Jahren) kennen. Wir freuen uns auf euch! Frau Vizeb\u00fcrgermeisterin Karin H\u00f6rzing kommt auch und [&hellip;]<\/p>\n","protected":false},"author":1,"featured_media":6800,"comment_status":"closed","ping_status":"closed","sticky":false,"template":"","format":"standard","meta":{"_acf_changed":false,"footnotes":""},"categories":[7],"tags":[],"class_list":["post-6795","post","type-post","status-publish","format-standard","has-post-thumbnail","hentry","category-news"],"acf":[],"_links":{"self":[{"href":"https:\/\/vjf.at\/franx\/wp-json\/wp\/v2\/posts\/6795","targetHints":{"allow":["GET"]}}],"collection":[{"href":"https:\/\/vjf.at\/franx\/wp-json\/wp\/v2\/posts"}],"about":[{"href":"https:\/\/vjf.at\/franx\/wp-json\/wp\/v2\/types\/post"}],"author":[{"embeddable":true,"href":"https:\/\/vjf.at\/franx\/wp-json\/wp\/v2\/users\/1"}],"replies":[{"embeddable":true,"href":"https:\/\/vjf.at\/franx\/wp-json\/wp\/v2\/comments?post=6795"}],"version-history":[{"count":0,"href":"https:\/\/vjf.at\/franx\/wp-json\/wp\/v2\/posts\/6795\/revisions"}],"wp:featuredmedia":[{"embeddable":true,"href":"https:\/\/vjf.at\/franx\/wp-json\/wp\/v2\/media\/6800"}],"wp:attachment":[{"href":"https:\/\/vjf.at\/franx\/wp-json\/wp\/v2\/media?parent=6795"}],"wp:term":[{"taxonomy":"category","embeddable":true,"href":"https:\/\/vjf.at\/franx\/wp-json\/wp\/v2\/categories?post=6795"},{"taxonomy":"post_tag","embeddable":true,"href":"https:\/\/vjf.at\/franx\/wp-json\/wp\/v2\/tags?post=6795"}],"curies":[{"name":"wp","href":"https:\/\/api.w.org\/{rel}","templated":true}]}}