{"id":6637,"date":"2025-07-21T12:00:00","date_gmt":"2025-07-21T10:00:00","guid":{"rendered":"https:\/\/vjf.at\/franx\/?p=6637"},"modified":"2025-08-22T14:26:04","modified_gmt":"2025-08-22T12:26:04","slug":"fussball-in-gruene-mitte","status":"publish","type":"post","link":"https:\/\/vjf.at\/franx\/2025\/07\/fussball-in-gruene-mitte\/","title":{"rendered":"Fu\u00dfball in Gr\u00fcne Mitte"},"content":{"rendered":"\n<p>Zum Abschluss von Fun In The City veranstalten wir in der Gr\u00fcnen Mitte ein Fu\u00dfball Turnier. Es gibt Snacks und Getr\u00e4nke. <\/p>\n","protected":false},"excerpt":{"rendered":"<p>Zum Abschluss von Fun In The City veranstalten wir in der Gr\u00fcnen Mitte ein Fu\u00dfball Turnier. Es gibt Snacks und Getr\u00e4nke.<\/p>\n","protected":false},"author":12,"featured_media":6679,"comment_status":"closed","ping_status":"closed","sticky":false,"template":"","format":"standard","meta":{"_acf_changed":false,"footnotes":""},"categories":[7],"tags":[],"class_list":["post-6637","post","type-post","status-publish","format-standard","has-post-thumbnail","hentry","category-news"],"acf":[],"_links":{"self":[{"href":"https:\/\/vjf.at\/franx\/wp-json\/wp\/v2\/posts\/6637","targetHints":{"allow":["GET"]}}],"collection":[{"href":"https:\/\/vjf.at\/franx\/wp-json\/wp\/v2\/posts"}],"about":[{"href":"https:\/\/vjf.at\/franx\/wp-json\/wp\/v2\/types\/post"}],"author":[{"embeddable":true,"href":"https:\/\/vjf.at\/franx\/wp-json\/wp\/v2\/users\/12"}],"replies":[{"embeddable":true,"href":"https:\/\/vjf.at\/franx\/wp-json\/wp\/v2\/comments?post=6637"}],"version-history":[{"count":0,"href":"https:\/\/vjf.at\/franx\/wp-json\/wp\/v2\/posts\/6637\/revisions"}],"wp:featuredmedia":[{"embeddable":true,"href":"https:\/\/vjf.at\/franx\/wp-json\/wp\/v2\/media\/6679"}],"wp:attachment":[{"href":"https:\/\/vjf.at\/franx\/wp-json\/wp\/v2\/media?parent=6637"}],"wp:term":[{"taxonomy":"category","embeddable":true,"href":"https:\/\/vjf.at\/franx\/wp-json\/wp\/v2\/categories?post=6637"},{"taxonomy":"post_tag","embeddable":true,"href":"https:\/\/vjf.at\/franx\/wp-json\/wp\/v2\/tags?post=6637"}],"curies":[{"name":"wp","href":"https:\/\/api.w.org\/{rel}","templated":true}]}}