{"id":6265,"date":"2024-06-13T17:33:05","date_gmt":"2024-06-13T15:33:05","guid":{"rendered":"https:\/\/vjf.at\/franx\/?p=6265"},"modified":"2024-06-13T17:33:05","modified_gmt":"2024-06-13T15:33:05","slug":"fun-in-the-city-2024","status":"publish","type":"post","link":"https:\/\/vjf.at\/franx\/2024\/06\/fun-in-the-city-2024\/","title":{"rendered":"Fun in the City 2024"},"content":{"rendered":"\n<p>Uiiii&#8230;. und wieder startet unser <strong>Ferienprogramm<\/strong>. Dieses Jahr l\u00e4uft das Programm l\u00e4nger. Viel ist schon fixiert,<em> einige Termine sind noch in der Schwebe<\/em> &#8211; jedoch erf\u00e4hrt ihr immer \u00fcber <strong>Instagram<\/strong>, ob es eine <strong>\u00c4nderung <\/strong>gibt.<\/p>\n\n\n\n<p>Bei Schlechtwetter findet ein Ersatzprogramm im Jugendzentrum statt<\/p>\n\n\n\n<figure class=\"wp-block-table\"><table><tbody><tr><td><strong>Nr.<\/strong><\/td><td><strong>KW<\/strong><\/td><td><strong>Datum<\/strong><\/td><td><strong>Aktion<\/strong><\/td><td><strong>Ort<\/strong><\/td><\/tr><tr><td><strong>1.<\/strong><\/td><td>27<\/td><td>Fr., 5.7.24<\/td><td>Ab in die Ferien Party<\/td><td>im Jugendzentrum FRANX<\/td><\/tr><tr><td><strong>2.<\/strong><\/td><td>28<\/td><td>Di., 9.7.24<\/td><td>Aikido im Park*<\/td><td>Ing. Stern Park<\/td><\/tr><tr><td><strong>3.<\/strong><\/td><td>28<\/td><td>Fr., 12.7.24<\/td><td>Poolaction im Kinderbad<\/td><td>Kinderbad FV<\/td><\/tr><tr><td><strong>4.<\/strong><\/td><td>28<\/td><td>Sa., 13.7.24<\/td><td>Poolaction im Kinderbad<\/td><td>Kinderbad FV<\/td><\/tr><tr><td><strong>5.<\/strong><\/td><td>29<\/td><td>Do., 18.7.24<\/td><td>Mobile Radwerkstatt*<\/td><td>Gr\u00fcne Mitte<\/td><\/tr><tr><td><strong>6.<\/strong><\/td><td>29<\/td><td>Fr. 19.7.24<\/td><td>Badeausflug<\/td><td>Freibad Ansfelden<\/td><\/tr><tr><td><strong>7.<\/strong><\/td><td>30<\/td><td>Di., 23.7.24<\/td><td>Fitness im Park<\/td><td>Ing. Stern Park<\/td><\/tr><tr><td><strong>8.<\/strong><\/td><td>30<\/td><td>Fr. 26.7.24<\/td><td>Wasserspa\u00df im Bad<\/td><td>Kinderbad FV<\/td><\/tr><tr><td><strong>9.<\/strong><\/td><td>30<\/td><td>Sa., 27.7.24<\/td><td>Wasserolympiade<\/td><td>Kinderbad FV<\/td><\/tr><tr><td><strong>10.<\/strong><\/td><td>31<\/td><td>Di., 30.7.24<\/td><td>Sport im Park<\/td><td>Ing. Stern Park<\/td><\/tr><tr><td><strong>11.<\/strong><\/td><td>31<\/td><td>Fr., 2.8.24<\/td><td>Freibad \/&nbsp;Pool Party<\/td><td>Kinderbad FV<\/td><\/tr><tr><td><strong>12.<\/strong><\/td><td>35<\/td><td>Do., 29.8.24<\/td><td>Mobile Radwerkstatt*<\/td><td>Andreas-Hofer-Park<\/td><\/tr><tr><td><strong>13.<\/strong><\/td><td>35<\/td><td>Fr., 30.8.23<\/td><td>Pool Party<\/td><td>Kinderbad FV<\/td><\/tr><tr><td><strong>14.<\/strong><\/td><td>35<\/td><td>Sa., 31.8.23<\/td><td>Pool Party<\/td><td>Kinderbad FV<\/td><\/tr><\/tbody><\/table><figcaption class=\"wp-element-caption\"><strong>*\u00c4nderung noch m\u00f6glich<\/strong><\/figcaption><\/figure>\n","protected":false},"excerpt":{"rendered":"<p>Uiiii&#8230;. und wieder startet unser Ferienprogramm. Dieses Jahr l\u00e4uft das Programm l\u00e4nger. Viel ist schon fixiert, einige Termine sind noch in der Schwebe &#8211; jedoch erf\u00e4hrt ihr immer \u00fcber Instagram, ob es eine \u00c4nderung gibt. Bei Schlechtwetter findet ein Ersatzprogramm im Jugendzentrum statt Nr. KW Datum Aktion Ort 1. 27 Fr., 5.7.24 Ab in die [&hellip;]<\/p>\n","protected":false},"author":12,"featured_media":0,"comment_status":"closed","ping_status":"closed","sticky":false,"template":"","format":"standard","meta":{"_acf_changed":false,"footnotes":""},"categories":[106],"tags":[97,51,80,50,134,113,195,52,132,104],"class_list":["post-6265","post","type-post","status-publish","format-standard","hentry","category-fun-in-the-city","tag-franckviertel","tag-franx","tag-jugendzentrum","tag-linz","tag-party","tag-pool","tag-projekt","tag-soja","tag-sommerprojekt","tag-sozialraum"],"acf":[],"_links":{"self":[{"href":"https:\/\/vjf.at\/franx\/wp-json\/wp\/v2\/posts\/6265","targetHints":{"allow":["GET"]}}],"collection":[{"href":"https:\/\/vjf.at\/franx\/wp-json\/wp\/v2\/posts"}],"about":[{"href":"https:\/\/vjf.at\/franx\/wp-json\/wp\/v2\/types\/post"}],"author":[{"embeddable":true,"href":"https:\/\/vjf.at\/franx\/wp-json\/wp\/v2\/users\/12"}],"replies":[{"embeddable":true,"href":"https:\/\/vjf.at\/franx\/wp-json\/wp\/v2\/comments?post=6265"}],"version-history":[{"count":0,"href":"https:\/\/vjf.at\/franx\/wp-json\/wp\/v2\/posts\/6265\/revisions"}],"wp:attachment":[{"href":"https:\/\/vjf.at\/franx\/wp-json\/wp\/v2\/media?parent=6265"}],"wp:term":[{"taxonomy":"category","embeddable":true,"href":"https:\/\/vjf.at\/franx\/wp-json\/wp\/v2\/categories?post=6265"},{"taxonomy":"post_tag","embeddable":true,"href":"https:\/\/vjf.at\/franx\/wp-json\/wp\/v2\/tags?post=6265"}],"curies":[{"name":"wp","href":"https:\/\/api.w.org\/{rel}","templated":true}]}}