{"id":5885,"date":"2024-02-16T12:17:31","date_gmt":"2024-02-16T11:17:31","guid":{"rendered":"https:\/\/vjf.at\/franx\/?p=5885"},"modified":"2024-02-16T12:17:31","modified_gmt":"2024-02-16T11:17:31","slug":"soja-unterwegs-rund-um-die-ms11","status":"publish","type":"post","link":"https:\/\/vjf.at\/franx\/2024\/02\/soja-unterwegs-rund-um-die-ms11\/","title":{"rendered":"SOJA | Unterwegs rund um die MS11"},"content":{"rendered":"\n<p>Ui Ui Ui&#8230; es ist kalt und Sch\u00fcler:innen der MS11, die nicht Teil der Ganztagsschule sind, m\u00fcssen aber in der Mittagspause ins Freie&#8230; im Sommer kein Problem, aber bei so kaltem Wetter echt ungem\u00fctlich.<\/p>\n\n\n\n<p><\/p>\n\n\n\n<p>Verst\u00e4ndlich, dass warme Pl\u00e4tze gesucht werden. Neben dem stark frequentierten SPAR am Med. Campus dienen auch immer wieder halb\u00f6ffentliche R\u00e4ume der Med. Uni als N\u00e4hrboden f\u00fcr Generationenkonflikte  <\/p>\n\n\n\n<p><\/p>\n\n\n\n<p>Mittlerweile sind wir Mittwoch und Donnerstag zeitgleich zu unserem Projekt &#8222;Pausentreff an der MS11&#8220; auch im \u00f6ffentlichen Raum rund um die Schule unterwegs und verteilen warmen Tee, oder Kleinigkeiten zum Knabbern, um den Sch\u00fcler:innen eine angenehmere Pause zu bereiten und m\u00f6gliche Konflikten pr\u00e4ventiv entgegenzuwirken. In den netten Gespr\u00e4chen im Freien gibt es auch immer wieder die M\u00f6glichkeit zur Sensibilisierung bez\u00fcglich der R\u00e4umlichkeiten. Ziel ist es, ein friedliches Miteinander zu schaffen.<\/p>\n\n\n\n<p><\/p>\n","protected":false},"excerpt":{"rendered":"<p>Ui Ui Ui&#8230; es ist kalt und Sch\u00fcler:innen der MS11, die nicht Teil der Ganztagsschule sind, m\u00fcssen aber in der Mittagspause ins Freie&#8230; im Sommer kein Problem, aber bei so kaltem Wetter echt ungem\u00fctlich. Verst\u00e4ndlich, dass warme Pl\u00e4tze gesucht werden. Neben dem stark frequentierten SPAR am Med. Campus dienen auch immer wieder halb\u00f6ffentliche R\u00e4ume der [&hellip;]<\/p>\n","protected":false},"author":12,"featured_media":0,"comment_status":"closed","ping_status":"closed","sticky":false,"template":"","format":"standard","meta":{"_acf_changed":false,"footnotes":""},"categories":[14,7,557,103],"tags":[80,42,561,555,560,52,104,563,562],"class_list":["post-5885","post","type-post","status-publish","format-standard","hentry","category-allgemein","category-news","category-soja-med-campus","category-sozialraumarbeit","tag-jugendzentrum","tag-juz","tag-med-campus","tag-ms11","tag-pause","tag-soja","tag-sozialraum","tag-tee","tag-uni"],"acf":[],"_links":{"self":[{"href":"https:\/\/vjf.at\/franx\/wp-json\/wp\/v2\/posts\/5885","targetHints":{"allow":["GET"]}}],"collection":[{"href":"https:\/\/vjf.at\/franx\/wp-json\/wp\/v2\/posts"}],"about":[{"href":"https:\/\/vjf.at\/franx\/wp-json\/wp\/v2\/types\/post"}],"author":[{"embeddable":true,"href":"https:\/\/vjf.at\/franx\/wp-json\/wp\/v2\/users\/12"}],"replies":[{"embeddable":true,"href":"https:\/\/vjf.at\/franx\/wp-json\/wp\/v2\/comments?post=5885"}],"version-history":[{"count":0,"href":"https:\/\/vjf.at\/franx\/wp-json\/wp\/v2\/posts\/5885\/revisions"}],"wp:attachment":[{"href":"https:\/\/vjf.at\/franx\/wp-json\/wp\/v2\/media?parent=5885"}],"wp:term":[{"taxonomy":"category","embeddable":true,"href":"https:\/\/vjf.at\/franx\/wp-json\/wp\/v2\/categories?post=5885"},{"taxonomy":"post_tag","embeddable":true,"href":"https:\/\/vjf.at\/franx\/wp-json\/wp\/v2\/tags?post=5885"}],"curies":[{"name":"wp","href":"https:\/\/api.w.org\/{rel}","templated":true}]}}