{"id":5851,"date":"2023-10-27T16:47:29","date_gmt":"2023-10-27T14:47:29","guid":{"rendered":"https:\/\/vjf.at\/franx\/?p=5851"},"modified":"2023-10-27T16:47:29","modified_gmt":"2023-10-27T14:47:29","slug":"boyzday-2023rollentausch-im-jugendzentrum","status":"publish","type":"post","link":"https:\/\/vjf.at\/franx\/2023\/10\/boyzday-2023rollentausch-im-jugendzentrum\/","title":{"rendered":"Boyzday 2023|Rollentausch im Jugendzentrum"},"content":{"rendered":"\n<p>Juhuuu&#8230; der Boyzday r\u00fcckt n\u00e4her&#8230;.<\/p>\n\n\n\n<p>Wir suchen wieder zwei Freiwillige (Jungs), die im Rahmen des Boyzday in die Rolle des Jugendarbeiters schl\u00fcpfen wollen.<\/p>\n\n\n\n<p>3..2..1..Rollentausch!<\/p>\n\n\n\n<p>Samstag 11.11. von 16 &#8211; 20 Uhr<\/p>\n\n\n\n<p>Davor gibt es im JUZ Frage\/Antwort-Runde mit Benedikt und Martin zum Thema &#8222;Job als Jugendarbeiter&#8220;<\/p>\n\n\n\n<p>Also, willst du f\u00fcr einen tag Jugendarbeiter sein? Dann meld dich bei uns.<\/p>\n\n\n\n<p><a href=\"https:\/\/www.instagram.com\/explore\/tags\/juzfranx\/?hl=de\">#juzfranx<\/a><a href=\"https:\/\/www.instagram.com\/explore\/tags\/jugendzentrum\/?hl=de\">#jugendzentrum<\/a><a href=\"https:\/\/www.instagram.com\/explore\/tags\/offenejugendarbeit\/?hl=de\">#offenejugendarbeit<\/a><a href=\"https:\/\/www.instagram.com\/explore\/tags\/mobilejugendarbeit\/?hl=de\">#mobilejugendarbeit<\/a><a href=\"https:\/\/www.instagram.com\/explore\/tags\/sozialraumarbeit\/?hl=de\">#sozialraumarbeit<\/a><a href=\"https:\/\/www.instagram.com\/explore\/tags\/boyzday\/?hl=de\">#boyzday<\/a><a href=\"https:\/\/www.instagram.com\/explore\/tags\/boyzday2023\/?hl=de\">#boyzday2023<\/a><a href=\"https:\/\/www.instagram.com\/explore\/tags\/linz\/?hl=de\">#linz<\/a><a href=\"https:\/\/www.instagram.com\/explore\/tags\/franckviertel\/?hl=de\">#franckviertel<\/a><\/p>\n","protected":false},"excerpt":{"rendered":"<p>Juhuuu&#8230; der Boyzday r\u00fcckt n\u00e4her&#8230;. Wir suchen wieder zwei Freiwillige (Jungs), die im Rahmen des Boyzday in die Rolle des Jugendarbeiters schl\u00fcpfen wollen. 3..2..1..Rollentausch! Samstag 11.11. von 16 &#8211; 20 Uhr Davor gibt es im JUZ Frage\/Antwort-Runde mit Benedikt und Martin zum Thema &#8222;Job als Jugendarbeiter&#8220; Also, willst du f\u00fcr einen tag Jugendarbeiter sein? Dann [&hellip;]<\/p>\n","protected":false},"author":12,"featured_media":0,"comment_status":"closed","ping_status":"closed","sticky":false,"template":"","format":"standard","meta":{"_acf_changed":false,"footnotes":""},"categories":[70],"tags":[97,51,80,42,50],"class_list":["post-5851","post","type-post","status-publish","format-standard","hentry","category-nur-fuer-burschen","tag-franckviertel","tag-franx","tag-jugendzentrum","tag-juz","tag-linz"],"acf":[],"_links":{"self":[{"href":"https:\/\/vjf.at\/franx\/wp-json\/wp\/v2\/posts\/5851","targetHints":{"allow":["GET"]}}],"collection":[{"href":"https:\/\/vjf.at\/franx\/wp-json\/wp\/v2\/posts"}],"about":[{"href":"https:\/\/vjf.at\/franx\/wp-json\/wp\/v2\/types\/post"}],"author":[{"embeddable":true,"href":"https:\/\/vjf.at\/franx\/wp-json\/wp\/v2\/users\/12"}],"replies":[{"embeddable":true,"href":"https:\/\/vjf.at\/franx\/wp-json\/wp\/v2\/comments?post=5851"}],"version-history":[{"count":0,"href":"https:\/\/vjf.at\/franx\/wp-json\/wp\/v2\/posts\/5851\/revisions"}],"wp:attachment":[{"href":"https:\/\/vjf.at\/franx\/wp-json\/wp\/v2\/media?parent=5851"}],"wp:term":[{"taxonomy":"category","embeddable":true,"href":"https:\/\/vjf.at\/franx\/wp-json\/wp\/v2\/categories?post=5851"},{"taxonomy":"post_tag","embeddable":true,"href":"https:\/\/vjf.at\/franx\/wp-json\/wp\/v2\/tags?post=5851"}],"curies":[{"name":"wp","href":"https:\/\/api.w.org\/{rel}","templated":true}]}}