{"id":5556,"date":"2023-05-17T16:19:26","date_gmt":"2023-05-17T14:19:26","guid":{"rendered":"https:\/\/vjf.at\/franx\/?p=5556"},"modified":"2023-05-17T16:19:26","modified_gmt":"2023-05-17T14:19:26","slug":"vernetzung-martin-kidsmix","status":"publish","type":"post","link":"https:\/\/vjf.at\/franx\/2023\/05\/vernetzung-martin-kidsmix\/","title":{"rendered":"Vernetzung | Martin @ Kidsmix"},"content":{"rendered":"\n<p>Heute gings f\u00fcr Martin schon um 10 Uhr zum Kidsmix der&nbsp;<a href=\"https:\/\/www.instagram.com\/kinderfreunde_ooe\/\">@kinderfreunde_ooe<\/a><\/p>\n\n\n\n<p>Besprochen wurde das kommende Sommerprogramm &#8222;Pipi Play in park&#8220; der Kinderfreunde, bei dem das Jugendzentrum f\u00fcr den Standort Gr\u00fcne Mitte unterst\u00fctzend agieren wird.<\/p>\n\n\n\n<p>Wir freuen uns auf eine gute Zusammenarbeit und viele gl\u00fcckliche Kinder.<\/p>\n\n\n\n<p><a href=\"https:\/\/www.instagram.com\/explore\/tags\/jugendzentrum\/\">#jugendzentrum<\/a><a href=\"https:\/\/www.instagram.com\/explore\/tags\/offenejugendarbeit\/\">#offenejugendarbeit<\/a><a href=\"https:\/\/www.instagram.com\/explore\/tags\/mobilejugendarbeit\/\">#mobilejugendarbeit<\/a><a href=\"https:\/\/www.instagram.com\/explore\/tags\/sommer\/\">#sommer<\/a><a href=\"https:\/\/www.instagram.com\/explore\/tags\/sommerprojekt\/\">#sommerprojekt<\/a><a href=\"https:\/\/www.instagram.com\/explore\/tags\/pipi\/\">#pipi<\/a><a href=\"https:\/\/www.instagram.com\/explore\/tags\/kidsmix\/\">#kidsmix<\/a><a href=\"https:\/\/www.instagram.com\/explore\/tags\/kinderfreunde\/\">#kinderfreunde<\/a><a href=\"https:\/\/www.instagram.com\/explore\/tags\/vereinjugendundfreizeit\/\">#vereinjugendundfreizeit<\/a><a href=\"https:\/\/www.instagram.com\/explore\/tags\/linz\/\">#linz<\/a><a href=\"https:\/\/www.instagram.com\/explore\/tags\/franckviertel\/\">#franckviertel<\/a><a href=\"https:\/\/www.instagram.com\/explore\/tags\/gr%C3%BCnemittelinz\/\">#gr\u00fcnemittelinz<\/a><\/p>\n","protected":false},"excerpt":{"rendered":"<p>Heute gings f\u00fcr Martin schon um 10 Uhr zum Kidsmix der&nbsp;@kinderfreunde_ooe Besprochen wurde das kommende Sommerprogramm &#8222;Pipi Play in park&#8220; der Kinderfreunde, bei dem das Jugendzentrum f\u00fcr den Standort Gr\u00fcne Mitte unterst\u00fctzend agieren wird. Wir freuen uns auf eine gute Zusammenarbeit und viele gl\u00fcckliche Kinder. #jugendzentrum#offenejugendarbeit#mobilejugendarbeit#sommer#sommerprojekt#pipi#kidsmix#kinderfreunde#vereinjugendundfreizeit#linz#franckviertel#gr\u00fcnemittelinz<\/p>\n","protected":false},"author":12,"featured_media":0,"comment_status":"closed","ping_status":"closed","sticky":false,"template":"","format":"standard","meta":{"_acf_changed":false,"footnotes":""},"categories":[14,7,103],"tags":[97,51,80,42,50,195,52,104],"class_list":["post-5556","post","type-post","status-publish","format-standard","hentry","category-allgemein","category-news","category-sozialraumarbeit","tag-franckviertel","tag-franx","tag-jugendzentrum","tag-juz","tag-linz","tag-projekt","tag-soja","tag-sozialraum"],"acf":[],"_links":{"self":[{"href":"https:\/\/vjf.at\/franx\/wp-json\/wp\/v2\/posts\/5556","targetHints":{"allow":["GET"]}}],"collection":[{"href":"https:\/\/vjf.at\/franx\/wp-json\/wp\/v2\/posts"}],"about":[{"href":"https:\/\/vjf.at\/franx\/wp-json\/wp\/v2\/types\/post"}],"author":[{"embeddable":true,"href":"https:\/\/vjf.at\/franx\/wp-json\/wp\/v2\/users\/12"}],"replies":[{"embeddable":true,"href":"https:\/\/vjf.at\/franx\/wp-json\/wp\/v2\/comments?post=5556"}],"version-history":[{"count":0,"href":"https:\/\/vjf.at\/franx\/wp-json\/wp\/v2\/posts\/5556\/revisions"}],"wp:attachment":[{"href":"https:\/\/vjf.at\/franx\/wp-json\/wp\/v2\/media?parent=5556"}],"wp:term":[{"taxonomy":"category","embeddable":true,"href":"https:\/\/vjf.at\/franx\/wp-json\/wp\/v2\/categories?post=5556"},{"taxonomy":"post_tag","embeddable":true,"href":"https:\/\/vjf.at\/franx\/wp-json\/wp\/v2\/tags?post=5556"}],"curies":[{"name":"wp","href":"https:\/\/api.w.org\/{rel}","templated":true}]}}