{"id":3435,"date":"2020-01-22T14:14:22","date_gmt":"2020-01-22T13:14:22","guid":{"rendered":"https:\/\/vjf.at\/franx\/?p=3435"},"modified":"2020-01-22T14:16:51","modified_gmt":"2020-01-22T13:16:51","slug":"weltfrauentag-projektplanung-im-franx","status":"publish","type":"post","link":"https:\/\/vjf.at\/franx\/2020\/01\/weltfrauentag-projektplanung-im-franx\/","title":{"rendered":"#Weltfrauentag | Projektplanung im FRANX"},"content":{"rendered":"<p>Wir planen den Weltfrauentag!<\/p>\n<p>Wir freuen uns auf alle M\u00e4dchen, die bei unseren Projekt mitmachen.<\/p>\n<p>Infos gibts an der Bar im Jugendzentrum und auf Instagramm!<\/p>\n<p>Wir planen eine Open Air Kunstausstellung zum Thema &#8222;Frauen&#8220; mit selbstgestalteten Plakaten und Fotoshootings.<\/p>\n<p>M\u00e4dls&#8230; Kommt vorbei und plant mit bzw kommt zu unsren Fotoshootings!<\/p>\n<div class=\"text_exposed_show\">\n<p><span class=\"_5mfr\"><span class=\"_6qdm\">&#x1f48e;<\/span><\/span>Wir gestalten Sprechblasen mit eigenen themenbezogenen &#8222;Statements&#8220;.<br \/>\n<span class=\"_5mfr\"><span class=\"_6qdm\">&#x1f48e;<\/span><\/span>Mit den Sprechblasen gibt es dann im Fotostudio ein Shooting.<br \/>\n<span class=\"_5mfr\"><span class=\"_6qdm\">&#x1f48e;<\/span><\/span>Die gestalteten Fotos werden als Plakate im Stadtteil ausgestellt.<br \/>\n<span class=\"_5mfr\"><span class=\"_6qdm\">&#x1f48e;<\/span><\/span>Zus\u00e4tzlich k\u00f6nnen Passanten vor Ort bei der Ausstellung mit eigenen Statements Fotos vor unserer Fotowand schie\u00dfen.<\/p>\n<\/div>\n<p>&nbsp;<\/p>\n<p><a href=\"https:\/\/vjf.at\/franx\/wp-content\/uploads\/sites\/15\/2020\/01\/konzept.jpg\"><img fetchpriority=\"high\" decoding=\"async\" class=\"alignleft wp-image-3436 size-medium\" src=\"https:\/\/vjf.at\/franx\/wp-content\/uploads\/sites\/15\/2020\/01\/konzept-300x300.jpg\" alt=\"\" width=\"300\" height=\"300\" \/><\/a><\/p>\n","protected":false},"excerpt":{"rendered":"<p>Wir planen den Weltfrauentag! Wir freuen uns auf alle M\u00e4dchen, die bei unseren Projekt mitmachen. Infos gibts an der Bar im Jugendzentrum und auf Instagramm! Wir planen eine Open Air Kunstausstellung zum Thema &#8222;Frauen&#8220; mit selbstgestalteten Plakaten und Fotoshootings. M\u00e4dls&#8230; Kommt vorbei und plant mit bzw kommt zu unsren Fotoshootings! &#x1f48e;Wir gestalten Sprechblasen mit eigenen [&hellip;]<\/p>\n","protected":false},"author":12,"featured_media":0,"comment_status":"closed","ping_status":"closed","sticky":false,"template":"","format":"standard","meta":{"_acf_changed":false,"footnotes":""},"categories":[7],"tags":[194,65,203,195,202,128],"class_list":["post-3435","post","type-post","status-publish","format-standard","hentry","category-news","tag-frauen","tag-girlsonly","tag-maedls","tag-projekt","tag-weltfrauentag","tag-workshop"],"acf":[],"_links":{"self":[{"href":"https:\/\/vjf.at\/franx\/wp-json\/wp\/v2\/posts\/3435","targetHints":{"allow":["GET"]}}],"collection":[{"href":"https:\/\/vjf.at\/franx\/wp-json\/wp\/v2\/posts"}],"about":[{"href":"https:\/\/vjf.at\/franx\/wp-json\/wp\/v2\/types\/post"}],"author":[{"embeddable":true,"href":"https:\/\/vjf.at\/franx\/wp-json\/wp\/v2\/users\/12"}],"replies":[{"embeddable":true,"href":"https:\/\/vjf.at\/franx\/wp-json\/wp\/v2\/comments?post=3435"}],"version-history":[{"count":0,"href":"https:\/\/vjf.at\/franx\/wp-json\/wp\/v2\/posts\/3435\/revisions"}],"wp:attachment":[{"href":"https:\/\/vjf.at\/franx\/wp-json\/wp\/v2\/media?parent=3435"}],"wp:term":[{"taxonomy":"category","embeddable":true,"href":"https:\/\/vjf.at\/franx\/wp-json\/wp\/v2\/categories?post=3435"},{"taxonomy":"post_tag","embeddable":true,"href":"https:\/\/vjf.at\/franx\/wp-json\/wp\/v2\/tags?post=3435"}],"curies":[{"name":"wp","href":"https:\/\/api.w.org\/{rel}","templated":true}]}}